{"id":4531,"date":"2024-05-10T10:00:14","date_gmt":"2024-05-10T08:00:14","guid":{"rendered":"https:\/\/techpointconference.no\/en\/?p=4531"},"modified":"2024-08-14T08:26:56","modified_gmt":"2024-08-14T06:26:56","slug":"tidenes-techpoint-flyttes-til-kilden-kunstsilo-og-knuden","status":"publish","type":"post","link":"https:\/\/techpointconference.no\/en\/blog\/tidenes-techpoint-flyttes-til-kilden-kunstsilo-og-knuden\/","title":{"rendered":"Tidenes Techpoint flyttes til Kilden, Kunstsilo og Knuden"},"content":{"rendered":"<p>Det er med stolthet vi n\u00e5 kan fortelle at Techpoint flyttes til <a href=\"https:\/\/www.linkedin.com\/company\/kilden-teater--og-konserthus-for-s-rlandet\/\">Kilden teater og konserthus<\/a>, <a href=\"https:\/\/www.linkedin.com\/company\/kunstsilo\/\">Kunstsilo<\/a> og <a href=\"https:\/\/www.linkedin.com\/company\/kristiansand-kulturskole\/\">Knuden &#8211; Kristiansand kulturskole<\/a>, som sammen blir en av Nordens mest spennende milj\u00f8er for kunst og kultur opplevelser.<\/p>\n<p>Dette gir Techpoint som er en av Norges st\u00f8rste n\u00e6ringslivskonferanser fantastiske muligheter for \u00e5 skape opplevelser i verdensklasse for enda flere mennesker fra hele Norge. Vi gleder oss enormt til \u00e5 sammen med Kilden, Kunstsilo, Knuden og alle v\u00e5re amazing partnere skape uforglemmelige opplevelser p\u00e5 \u00e5rets Techpoint 18. \u2013 19. september i Kristiansand.<\/p>\n<p>\ud83d\udc49 M\u00f8t over 1200 ledere, innovat\u00f8rer og tech entusiaster fra hele n\u00e6ringslivet.<br \/>\n\ud83d\udc49 Opplev Nordens fremste tech eksperter og internasjonale stjerner.<br \/>\n\ud83d\udc49 Bli inspirert og f\u00e5 ny innsikt og ideer fra over 70 fantastiske speakers.<br \/>\n\ud83d\udc49 Velg mellom 20 arrangementer.<\/p>\n<h3>Kilden teater og konserthus<\/h3>\n<p>Kilden teater og konserthus i Kristiansand er et av Nordens mest spennende milj\u00f8er for profesjonell scenekunst og musikk. Kunsthuset rommer Kristiansand Symfoniorkester, Kilden Teater, Kilden Opera, Kilden Kultur og en nyskapende utf\u00f8ring av den sosiale siden av samfunnsoppdraget gjennom Kilden Dialog og Digital.<\/p>\n<p>I samspill med hverandre representerer de et kulturelt driftskonsept uten sidestykke, i en samlet organisasjon som ogs\u00e5 er et av landets st\u00f8rste hus for scenekunst og musikk. Nesten 200 000 publikummere opplever hvert \u00e5r rundt 850 konserter, forestillinger og arrangementer i Kilden, utf\u00f8rt av et mangfoldig lag som representerer ca. 230 ansatte og 25 nasjonaliteter.<\/p>\n<h3>Kunstsilo<\/h3>\n<p>Kunstsilo \u00e5pner 11. mai 2024 og forvalter tre faste samlinger, Tangen-samlingen, S\u00f8rlandssamlingen og Christianssands Billedgalleri. Kunstsilo er en prisbel\u00f8nt, tidligere kornsilo p\u00e5 Odder\u00f8ya i Kristiansand som akkurat n\u00e5 forvandles til et av Nord-Europas mest nyskapende kraftsenter for kunst- og kulturopplevelser.\u00a0Museet rommer\u00a0<a href=\"https:\/\/www.kunstsilo.no\/no\/om-samlingene\/tangen-samlingen\">Tangen-samlingen<\/a>, verdens st\u00f8rste samling av nordisk modernisme, og Kunstsilos faste samlinger.<\/p>\n<p>I tillegg blir det internasjonal digital samtidskunst, tempor\u00e6re utstillinger, og et utvidet tilbud med foredrag, konserter, matopplevelser, workshops, selskapslokaler og arrangementer.<\/p>\n<h3>Knuden<\/h3>\n<p>Knuden er en kommunal kulturskole for barn og ungdom fra 4 til 19 \u00e5r. Vi har tilbud innen de fleste kreative fag og uttrykksformer; dans, musikk, teater, visuell kunst og film og foto.<\/p>\n<p>Kulturskolen er et knutepunkt for barn og unge i Kristiansand, og en av kommunens aller st\u00f8rste konsert- og forestillingsprodusenter. Huset brukes til egne konsert- og teaterproduksjoner, huskonserter og profilerte kunstutstillinger med elevarbeider.<\/p>\n","protected":false},"excerpt":{"rendered":"<p>Det er med stolthet vi n\u00e5 kan fortelle at Techpoint flyttes til Kilden teater og konserthus, Kunstsilo og Knuden, som sammen blir en av Nordens mest spennende milj\u00f8er for kunst og kultur opplevelser.<\/p>\n","protected":false},"author":2,"featured_media":4532,"comment_status":"closed","ping_status":"closed","sticky":false,"template":"","format":"standard","meta":{"_acf_changed":false,"footnotes":""},"categories":[129],"tags":[],"class_list":["post-4531","post","type-post","status-publish","format-standard","has-post-thumbnail","hentry","category-program-og-event"],"acf":[],"yoast_head":"<!-- This site is optimized with the Yoast SEO plugin v27.0 - https:\/\/yoast.com\/product\/yoast-seo-wordpress\/ -->\n<title>Tidenes Techpoint flyttes til Kilden, Kunstsilo og Knuden - Techpoint 2026 (en)<\/title>\n<meta name=\"robots\" content=\"index, follow, max-snippet:-1, max-image-preview:large, max-video-preview:-1\" \/>\n<link rel=\"canonical\" href=\"https:\/\/techpointconference.no\/en\/blog\/tidenes-techpoint-flyttes-til-kilden-kunstsilo-og-knuden\/\" \/>\n<meta property=\"og:locale\" content=\"en_GB\" \/>\n<meta property=\"og:type\" content=\"article\" \/>\n<meta property=\"og:title\" content=\"Tidenes Techpoint flyttes til Kilden, Kunstsilo og Knuden - Techpoint 2026 (en)\" \/>\n<meta property=\"og:description\" content=\"Det er med stolthet vi n\u00e5 kan fortelle at Techpoint flyttes til Kilden teater og konserthus, Kunstsilo og Knuden, som sammen blir en av Nordens mest spennende milj\u00f8er for kunst og kultur opplevelser.\" \/>\n<meta property=\"og:url\" content=\"https:\/\/techpointconference.no\/en\/blog\/tidenes-techpoint-flyttes-til-kilden-kunstsilo-og-knuden\/\" \/>\n<meta property=\"og:site_name\" content=\"Techpoint 2026 (en)\" \/>\n<meta property=\"article:published_time\" content=\"2024-05-10T08:00:14+00:00\" \/>\n<meta property=\"article:modified_time\" content=\"2024-08-14T06:26:56+00:00\" \/>\n<meta property=\"og:image\" content=\"https:\/\/techpointconference.no\/en\/wp-content\/uploads\/sites\/2\/2024\/05\/2024_Dokumentasjonsfoto_Fotograf_AlanWilliamsKunstsilo-51-1024x947.jpg\" \/>\n\t<meta property=\"og:image:width\" content=\"1024\" \/>\n\t<meta property=\"og:image:height\" content=\"947\" \/>\n\t<meta property=\"og:image:type\" content=\"image\/jpeg\" \/>\n<meta name=\"author\" content=\"frode\" \/>\n<meta name=\"twitter:card\" content=\"summary_large_image\" \/>\n<meta name=\"twitter:label1\" content=\"Written by\" \/>\n\t<meta name=\"twitter:data1\" content=\"frode\" \/>\n\t<meta name=\"twitter:label2\" content=\"Estimated reading time\" \/>\n\t<meta name=\"twitter:data2\" content=\"2 minutes\" \/>\n<script type=\"application\/ld+json\" class=\"yoast-schema-graph\">{\"@context\":\"https:\/\/schema.org\",\"@graph\":[{\"@type\":\"Article\",\"@id\":\"https:\/\/techpointconference.no\/en\/blog\/tidenes-techpoint-flyttes-til-kilden-kunstsilo-og-knuden\/#article\",\"isPartOf\":{\"@id\":\"https:\/\/techpointconference.no\/en\/blog\/tidenes-techpoint-flyttes-til-kilden-kunstsilo-og-knuden\/\"},\"author\":{\"name\":\"frode\",\"@id\":\"https:\/\/techpointconference.no\/en\/#\/schema\/person\/93e80aa7f57a2ecce8fe1856fae6eb47\"},\"headline\":\"Tidenes Techpoint flyttes til Kilden, Kunstsilo og Knuden\",\"datePublished\":\"2024-05-10T08:00:14+00:00\",\"dateModified\":\"2024-08-14T06:26:56+00:00\",\"mainEntityOfPage\":{\"@id\":\"https:\/\/techpointconference.no\/en\/blog\/tidenes-techpoint-flyttes-til-kilden-kunstsilo-og-knuden\/\"},\"wordCount\":376,\"image\":{\"@id\":\"https:\/\/techpointconference.no\/en\/blog\/tidenes-techpoint-flyttes-til-kilden-kunstsilo-og-knuden\/#primaryimage\"},\"thumbnailUrl\":\"https:\/\/techpointconference.no\/en\/wp-content\/uploads\/sites\/2\/2024\/05\/2024_Dokumentasjonsfoto_Fotograf_AlanWilliamsKunstsilo-51.jpg\",\"articleSection\":[\"Program og event\"],\"inLanguage\":\"en-GB\"},{\"@type\":\"WebPage\",\"@id\":\"https:\/\/techpointconference.no\/en\/blog\/tidenes-techpoint-flyttes-til-kilden-kunstsilo-og-knuden\/\",\"url\":\"https:\/\/techpointconference.no\/en\/blog\/tidenes-techpoint-flyttes-til-kilden-kunstsilo-og-knuden\/\",\"name\":\"Tidenes Techpoint flyttes til Kilden, Kunstsilo og Knuden - Techpoint 2026 (en)\",\"isPartOf\":{\"@id\":\"https:\/\/techpointconference.no\/en\/#website\"},\"primaryImageOfPage\":{\"@id\":\"https:\/\/techpointconference.no\/en\/blog\/tidenes-techpoint-flyttes-til-kilden-kunstsilo-og-knuden\/#primaryimage\"},\"image\":{\"@id\":\"https:\/\/techpointconference.no\/en\/blog\/tidenes-techpoint-flyttes-til-kilden-kunstsilo-og-knuden\/#primaryimage\"},\"thumbnailUrl\":\"https:\/\/techpointconference.no\/en\/wp-content\/uploads\/sites\/2\/2024\/05\/2024_Dokumentasjonsfoto_Fotograf_AlanWilliamsKunstsilo-51.jpg\",\"datePublished\":\"2024-05-10T08:00:14+00:00\",\"dateModified\":\"2024-08-14T06:26:56+00:00\",\"author\":{\"@id\":\"https:\/\/techpointconference.no\/en\/#\/schema\/person\/93e80aa7f57a2ecce8fe1856fae6eb47\"},\"breadcrumb\":{\"@id\":\"https:\/\/techpointconference.no\/en\/blog\/tidenes-techpoint-flyttes-til-kilden-kunstsilo-og-knuden\/#breadcrumb\"},\"inLanguage\":\"en-GB\",\"potentialAction\":[{\"@type\":\"ReadAction\",\"target\":[\"https:\/\/techpointconference.no\/en\/blog\/tidenes-techpoint-flyttes-til-kilden-kunstsilo-og-knuden\/\"]}]},{\"@type\":\"ImageObject\",\"inLanguage\":\"en-GB\",\"@id\":\"https:\/\/techpointconference.no\/en\/blog\/tidenes-techpoint-flyttes-til-kilden-kunstsilo-og-knuden\/#primaryimage\",\"url\":\"https:\/\/techpointconference.no\/en\/wp-content\/uploads\/sites\/2\/2024\/05\/2024_Dokumentasjonsfoto_Fotograf_AlanWilliamsKunstsilo-51.jpg\",\"contentUrl\":\"https:\/\/techpointconference.no\/en\/wp-content\/uploads\/sites\/2\/2024\/05\/2024_Dokumentasjonsfoto_Fotograf_AlanWilliamsKunstsilo-51.jpg\",\"width\":8000,\"height\":7398},{\"@type\":\"BreadcrumbList\",\"@id\":\"https:\/\/techpointconference.no\/en\/blog\/tidenes-techpoint-flyttes-til-kilden-kunstsilo-og-knuden\/#breadcrumb\",\"itemListElement\":[{\"@type\":\"ListItem\",\"position\":1,\"name\":\"Hjem\",\"item\":\"https:\/\/techpointconference.no\/en\/\"},{\"@type\":\"ListItem\",\"position\":2,\"name\":\"Tidenes Techpoint flyttes til Kilden, Kunstsilo og Knuden\"}]},{\"@type\":\"WebSite\",\"@id\":\"https:\/\/techpointconference.no\/en\/#website\",\"url\":\"https:\/\/techpointconference.no\/en\/\",\"name\":\"Techpoint 2026\",\"description\":\"Norway\u2019s Leading Arena for AI and Business\",\"potentialAction\":[{\"@type\":\"SearchAction\",\"target\":{\"@type\":\"EntryPoint\",\"urlTemplate\":\"https:\/\/techpointconference.no\/en\/?s={search_term_string}\"},\"query-input\":{\"@type\":\"PropertyValueSpecification\",\"valueRequired\":true,\"valueName\":\"search_term_string\"}}],\"inLanguage\":\"en-GB\"},{\"@type\":\"Person\",\"@id\":\"https:\/\/techpointconference.no\/en\/#\/schema\/person\/93e80aa7f57a2ecce8fe1856fae6eb47\",\"name\":\"frode\",\"url\":\"https:\/\/techpointconference.no\/en\/blog\/author\/frode\/\"}]}<\/script>\n<!-- \/ Yoast SEO plugin. -->","yoast_head_json":{"title":"Tidenes Techpoint flyttes til Kilden, Kunstsilo og Knuden - Techpoint 2026 (en)","robots":{"index":"index","follow":"follow","max-snippet":"max-snippet:-1","max-image-preview":"max-image-preview:large","max-video-preview":"max-video-preview:-1"},"canonical":"https:\/\/techpointconference.no\/en\/blog\/tidenes-techpoint-flyttes-til-kilden-kunstsilo-og-knuden\/","og_locale":"en_GB","og_type":"article","og_title":"Tidenes Techpoint flyttes til Kilden, Kunstsilo og Knuden - Techpoint 2026 (en)","og_description":"Det er med stolthet vi n\u00e5 kan fortelle at Techpoint flyttes til Kilden teater og konserthus, Kunstsilo og Knuden, som sammen blir en av Nordens mest spennende milj\u00f8er for kunst og kultur opplevelser.","og_url":"https:\/\/techpointconference.no\/en\/blog\/tidenes-techpoint-flyttes-til-kilden-kunstsilo-og-knuden\/","og_site_name":"Techpoint 2026 (en)","article_published_time":"2024-05-10T08:00:14+00:00","article_modified_time":"2024-08-14T06:26:56+00:00","og_image":[{"width":1024,"height":947,"url":"https:\/\/techpointconference.no\/en\/wp-content\/uploads\/sites\/2\/2024\/05\/2024_Dokumentasjonsfoto_Fotograf_AlanWilliamsKunstsilo-51-1024x947.jpg","type":"image\/jpeg"}],"author":"frode","twitter_card":"summary_large_image","twitter_misc":{"Written by":"frode","Estimated reading time":"2 minutes"},"schema":{"@context":"https:\/\/schema.org","@graph":[{"@type":"Article","@id":"https:\/\/techpointconference.no\/en\/blog\/tidenes-techpoint-flyttes-til-kilden-kunstsilo-og-knuden\/#article","isPartOf":{"@id":"https:\/\/techpointconference.no\/en\/blog\/tidenes-techpoint-flyttes-til-kilden-kunstsilo-og-knuden\/"},"author":{"name":"frode","@id":"https:\/\/techpointconference.no\/en\/#\/schema\/person\/93e80aa7f57a2ecce8fe1856fae6eb47"},"headline":"Tidenes Techpoint flyttes til Kilden, Kunstsilo og Knuden","datePublished":"2024-05-10T08:00:14+00:00","dateModified":"2024-08-14T06:26:56+00:00","mainEntityOfPage":{"@id":"https:\/\/techpointconference.no\/en\/blog\/tidenes-techpoint-flyttes-til-kilden-kunstsilo-og-knuden\/"},"wordCount":376,"image":{"@id":"https:\/\/techpointconference.no\/en\/blog\/tidenes-techpoint-flyttes-til-kilden-kunstsilo-og-knuden\/#primaryimage"},"thumbnailUrl":"https:\/\/techpointconference.no\/en\/wp-content\/uploads\/sites\/2\/2024\/05\/2024_Dokumentasjonsfoto_Fotograf_AlanWilliamsKunstsilo-51.jpg","articleSection":["Program og event"],"inLanguage":"en-GB"},{"@type":"WebPage","@id":"https:\/\/techpointconference.no\/en\/blog\/tidenes-techpoint-flyttes-til-kilden-kunstsilo-og-knuden\/","url":"https:\/\/techpointconference.no\/en\/blog\/tidenes-techpoint-flyttes-til-kilden-kunstsilo-og-knuden\/","name":"Tidenes Techpoint flyttes til Kilden, Kunstsilo og Knuden - Techpoint 2026 (en)","isPartOf":{"@id":"https:\/\/techpointconference.no\/en\/#website"},"primaryImageOfPage":{"@id":"https:\/\/techpointconference.no\/en\/blog\/tidenes-techpoint-flyttes-til-kilden-kunstsilo-og-knuden\/#primaryimage"},"image":{"@id":"https:\/\/techpointconference.no\/en\/blog\/tidenes-techpoint-flyttes-til-kilden-kunstsilo-og-knuden\/#primaryimage"},"thumbnailUrl":"https:\/\/techpointconference.no\/en\/wp-content\/uploads\/sites\/2\/2024\/05\/2024_Dokumentasjonsfoto_Fotograf_AlanWilliamsKunstsilo-51.jpg","datePublished":"2024-05-10T08:00:14+00:00","dateModified":"2024-08-14T06:26:56+00:00","author":{"@id":"https:\/\/techpointconference.no\/en\/#\/schema\/person\/93e80aa7f57a2ecce8fe1856fae6eb47"},"breadcrumb":{"@id":"https:\/\/techpointconference.no\/en\/blog\/tidenes-techpoint-flyttes-til-kilden-kunstsilo-og-knuden\/#breadcrumb"},"inLanguage":"en-GB","potentialAction":[{"@type":"ReadAction","target":["https:\/\/techpointconference.no\/en\/blog\/tidenes-techpoint-flyttes-til-kilden-kunstsilo-og-knuden\/"]}]},{"@type":"ImageObject","inLanguage":"en-GB","@id":"https:\/\/techpointconference.no\/en\/blog\/tidenes-techpoint-flyttes-til-kilden-kunstsilo-og-knuden\/#primaryimage","url":"https:\/\/techpointconference.no\/en\/wp-content\/uploads\/sites\/2\/2024\/05\/2024_Dokumentasjonsfoto_Fotograf_AlanWilliamsKunstsilo-51.jpg","contentUrl":"https:\/\/techpointconference.no\/en\/wp-content\/uploads\/sites\/2\/2024\/05\/2024_Dokumentasjonsfoto_Fotograf_AlanWilliamsKunstsilo-51.jpg","width":8000,"height":7398},{"@type":"BreadcrumbList","@id":"https:\/\/techpointconference.no\/en\/blog\/tidenes-techpoint-flyttes-til-kilden-kunstsilo-og-knuden\/#breadcrumb","itemListElement":[{"@type":"ListItem","position":1,"name":"Hjem","item":"https:\/\/techpointconference.no\/en\/"},{"@type":"ListItem","position":2,"name":"Tidenes Techpoint flyttes til Kilden, Kunstsilo og Knuden"}]},{"@type":"WebSite","@id":"https:\/\/techpointconference.no\/en\/#website","url":"https:\/\/techpointconference.no\/en\/","name":"Techpoint 2026","description":"Norway\u2019s Leading Arena for AI and Business","potentialAction":[{"@type":"SearchAction","target":{"@type":"EntryPoint","urlTemplate":"https:\/\/techpointconference.no\/en\/?s={search_term_string}"},"query-input":{"@type":"PropertyValueSpecification","valueRequired":true,"valueName":"search_term_string"}}],"inLanguage":"en-GB"},{"@type":"Person","@id":"https:\/\/techpointconference.no\/en\/#\/schema\/person\/93e80aa7f57a2ecce8fe1856fae6eb47","name":"frode","url":"https:\/\/techpointconference.no\/en\/blog\/author\/frode\/"}]}},"_links":{"self":[{"href":"https:\/\/techpointconference.no\/en\/wp-json\/wp\/v2\/posts\/4531","targetHints":{"allow":["GET"]}}],"collection":[{"href":"https:\/\/techpointconference.no\/en\/wp-json\/wp\/v2\/posts"}],"about":[{"href":"https:\/\/techpointconference.no\/en\/wp-json\/wp\/v2\/types\/post"}],"author":[{"embeddable":true,"href":"https:\/\/techpointconference.no\/en\/wp-json\/wp\/v2\/users\/2"}],"replies":[{"embeddable":true,"href":"https:\/\/techpointconference.no\/en\/wp-json\/wp\/v2\/comments?post=4531"}],"version-history":[{"count":2,"href":"https:\/\/techpointconference.no\/en\/wp-json\/wp\/v2\/posts\/4531\/revisions"}],"predecessor-version":[{"id":4534,"href":"https:\/\/techpointconference.no\/en\/wp-json\/wp\/v2\/posts\/4531\/revisions\/4534"}],"wp:featuredmedia":[{"embeddable":true,"href":"https:\/\/techpointconference.no\/en\/wp-json\/wp\/v2\/media\/4532"}],"wp:attachment":[{"href":"https:\/\/techpointconference.no\/en\/wp-json\/wp\/v2\/media?parent=4531"}],"wp:term":[{"taxonomy":"category","embeddable":true,"href":"https:\/\/techpointconference.no\/en\/wp-json\/wp\/v2\/categories?post=4531"},{"taxonomy":"post_tag","embeddable":true,"href":"https:\/\/techpointconference.no\/en\/wp-json\/wp\/v2\/tags?post=4531"}],"curies":[{"name":"wp","href":"https:\/\/api.w.org\/{rel}","templated":true}]}}